{"id":111,"date":"2022-09-05T18:07:22","date_gmt":"2022-09-05T18:07:22","guid":{"rendered":"https:\/\/homeiscool.mx\/blog\/?p=111"},"modified":"2023-09-14T22:22:36","modified_gmt":"2023-09-14T22:22:36","slug":"4-tips-para-sobrevivir-este-regreso-a-clases","status":"publish","type":"post","link":"https:\/\/homeiscool.mx\/blog\/4-tips-para-sobrevivir-este-regreso-a-clases\/","title":{"rendered":"\u00a14 tips para sobrevivir este regreso a clases!"},"content":{"rendered":"<div class=\"boldgrid-section\">\n<div class=\"container\">\n<div class=\"row\">\n<div class=\"col-md-12 col-xs-12 col-sm-12\">\n<p class=\"\"><span style=\"font-weight: 400;\">Levantarse s\u00faper temprano, no tener tiempo para desayunar, estar a gritos con mam\u00e1 porque ya es tarde para llegar a un lugar donde se espera que todos aprendamos de la misma manera ante un profesor que asume el poder y autoridad como \u201ctransmisor\u201d de conocimientos a trav\u00e9s de una presentaci\u00f3n resumen en power point, mientras que los alumnos intentan escribir la informaci\u00f3n en apuntes apresurados durante 50 minutos.<\/span><\/p>\n<p class=\"\"><span style=\"font-weight: 400;\">\u00bfTe suena? \ud83d\ude0d&nbsp;<\/span><\/p>\n<p class=\"\"><span style=\"font-weight: 400;\">\u00a1El ciclo escolar 2022-2023 est\u00e1 cerca! Y si tu hijo o hija a\u00fan asiste al modelo educativo tradicional del siglo <\/span><b>XVIII <\/b><span style=\"font-weight: 400;\">estos tips son para ti.&nbsp;&nbsp;<\/span><\/p>\n<ul>\n<li aria-level=\"1\"><b>Comienza a madrugar antes del regreso&nbsp;<\/b><\/li>\n<\/ul>\n<p class=\"\"><span style=\"font-weight: 400;\">Las vacaciones terminaron y con ello despertar a una hora decente.&nbsp;<\/span><\/p>\n<p class=\"\"><span style=\"font-weight: 400;\">Para evitar retrasos innecesarios, m\u00e1s vale mentalizarse y retomar la pesada rutina d\u00edas previos a entrar al colegio.&nbsp;<\/span><\/p>\n<ul class=\"\">\n<li aria-level=\"1\"><b>Aborda tus emociones&nbsp;<\/b><\/li>\n<\/ul>\n<p class=\"\"><span style=\"font-weight: 400;\">Es normal sentirte abrumado al pensar en las inscripciones, en las listas de \u00fatiles, ex\u00e1menes, cambios de horario y los mil pendientes que deja el regreso a clases.&nbsp;<\/span><\/p>\n<p class=\"\"><span style=\"font-weight: 400;\">Pero es importante recordar que nuestros propios hijos se dan cuenta de nuestras actitudes, por lo que si mostramos fastidio y enojo ante sus responsabilidades e incluso sus dificultades, ellos mismos se sentir\u00e1n frustrados y desmotivados.<\/span><\/p>\n<ul class=\"\">\n<li aria-level=\"1\"><b>No olviden recargar pilas<\/b><\/li>\n<\/ul>\n<p class=\"\"><span style=\"font-weight: 400;\">El estr\u00e9s acad\u00e9mico es una \u201cnormalidad\u201d hoy en d\u00eda. As\u00ed es se\u00f1or y se\u00f1ora el estr\u00e9s es cada vez m\u00e1s com\u00fan en los infantes y adolescentes.&nbsp;<\/span><\/p>\n<p class=\"\"><span style=\"font-weight: 400;\">Y es una reacci\u00f3n del organismo ante las experiencias que impone el \u00e1mbito educativo.&nbsp;<\/span><\/p>\n<p class=\"\"><span style=\"font-weight: 400;\">Lo m\u00e1s recomendable es buscar actividades recreativas o interpersonales que los reconforte y los haga recargar energ\u00edas una vez que tu peque\u00f1o\/a haya regresado al ambiente t\u00f3xico escolar.&nbsp;<\/span><\/p>\n<ul>\n<li aria-level=\"1\"><b>Tu hijo\/hija debe quedar bien con el profesor<\/b><\/li>\n<\/ul>\n<p class=\"\"><span style=\"font-weight: 400;\">Dentro del sal\u00f3n de clases el profesor asume el poder, quien exige disciplina y obediencia m\u00e1xima, apropi\u00e1ndose de una imagen impositiva, paternalista y autoritaria que ha trascendido m\u00e1s all\u00e1 de un siglo y subsiste hoy en d\u00eda.&nbsp;<\/span><\/p>\n<p class=\"\"><span style=\"font-weight: 400;\">As\u00ed que lo recomendable es quedar bien con el profesor; debe repetir y asentir todo lo que dice, debe esforzarse por ser quien entregue primero los trabajos y por supuesto no cuestionarle nada.&nbsp;<\/span><\/p>\n<p class=\"\"><b>Recuerda que en la escuela tradicional los profesores dan por hecho que todos aprenden al mismo ritmo, <\/b><span style=\"font-weight: 400;\">de esta manera, el profesor se fijar\u00e1 y respetar\u00e1 a tu hijo\/a y ser\u00e1 m\u00e1s probable que resuelva sus inquietudes y dudas de la materia.&nbsp;<\/span><\/p>\n<p><b>&nbsp;<\/b><b>\u00bfSientes que el regreso a clases llega a ser complicado?&nbsp;<\/b><\/p>\n<p><b>\u00a1NO VAYAN!&nbsp;&nbsp;<\/b><\/p>\n<p class=\"\"><span style=\"font-weight: 400;\">\u00bfEn verdad continuar bajo este esquema de escolarizaci\u00f3n es necesario? \u00bfO existe otra alternativa?&nbsp;&nbsp;<\/span><\/p>\n<p class=\"\"><span style=\"font-weight: 400;\">Necesitamos replantearnos qu\u00e9 es lo que queremos que aprendan y por qu\u00e9.&nbsp;<\/span><\/p>\n<p class=\"\"><span style=\"font-weight: 400;\">Es hora de impulsar su libertad, su tiempo libre y la capacidad del autoaprendizaje para introducirles al mundo real con los conocimientos necesarios. <\/span><span style=\"font-weight: 400;\"><br \/>\n<\/span><span style=\"font-weight: 400;\"><br \/>\n<\/span><span style=\"font-weight: 400;\">La educaci\u00f3n es tan importante como la adquisici\u00f3n de conocimientos; valores como la sinceridad, el respeto, la perseverancia, la amistad o habilidades como trabajar en equipo y exponenciar sus talentos se erigen como pilares b\u00e1sicos para lograr alcanzar un futuro exitoso.&nbsp;<\/span><\/p>\n<p class=\"\"><span style=\"font-weight: 400;\">Sin un correcto aterrizaje de esta informaci\u00f3n, en un futuro no llegar\u00e1n a sentirse seres completos y felices.<\/span><\/p>\n<p class=\"\"><span style=\"font-weight: 400;\">\u00bfBuscas educaci\u00f3n de calidad, accesible y personalizada?<\/span><\/p>\n<p class=\"\"><span style=\"font-weight: 400;\">Te invitamos a conocer nuestra propuesta educativa innovadora enfocada en el descubrimiento y desarrollo de manera exponencial de habilidades innatas, intereses y talentos de tu hija o hijo. Haz clic aqu\u00ed y ofrece la mejor educaci\u00f3n a tu peque\u00f1o o peque\u00f1a.&nbsp;<\/span><\/p>\n<\/div>\n<\/div>\n<\/div>\n<\/div>\n","protected":false},"excerpt":{"rendered":"<p>Levantarse s\u00faper temprano, no tener tiempo para desayunar, estar a gritos con mam\u00e1 porque ya es tarde para llegar a un lugar donde se espera que todos aprendamos de la misma manera ante un profesor que asume el poder y autoridad como \u201ctransmisor\u201d de conocimientos a trav\u00e9s de una presentaci\u00f3n resumen en power point, mientras [&hellip;]<\/p>\n","protected":false},"author":3,"featured_media":112,"comment_status":"open","ping_status":"open","sticky":false,"template":"","format":"standard","meta":{"footnotes":""},"categories":[7],"tags":[8,12,11],"class_list":["post-111","post","type-post","status-publish","format-standard","has-post-thumbnail","hentry","category-educacion-en-casa","tag-educacion-en-casa","tag-homeschooling","tag-regreso-a-clases"],"aioseo_notices":[],"_links":{"self":[{"href":"https:\/\/homeiscool.mx\/blog\/wp-json\/wp\/v2\/posts\/111","targetHints":{"allow":["GET"]}}],"collection":[{"href":"https:\/\/homeiscool.mx\/blog\/wp-json\/wp\/v2\/posts"}],"about":[{"href":"https:\/\/homeiscool.mx\/blog\/wp-json\/wp\/v2\/types\/post"}],"author":[{"embeddable":true,"href":"https:\/\/homeiscool.mx\/blog\/wp-json\/wp\/v2\/users\/3"}],"replies":[{"embeddable":true,"href":"https:\/\/homeiscool.mx\/blog\/wp-json\/wp\/v2\/comments?post=111"}],"version-history":[{"count":1,"href":"https:\/\/homeiscool.mx\/blog\/wp-json\/wp\/v2\/posts\/111\/revisions"}],"predecessor-version":[{"id":113,"href":"https:\/\/homeiscool.mx\/blog\/wp-json\/wp\/v2\/posts\/111\/revisions\/113"}],"wp:featuredmedia":[{"embeddable":true,"href":"https:\/\/homeiscool.mx\/blog\/wp-json\/wp\/v2\/media\/112"}],"wp:attachment":[{"href":"https:\/\/homeiscool.mx\/blog\/wp-json\/wp\/v2\/media?parent=111"}],"wp:term":[{"taxonomy":"category","embeddable":true,"href":"https:\/\/homeiscool.mx\/blog\/wp-json\/wp\/v2\/categories?post=111"},{"taxonomy":"post_tag","embeddable":true,"href":"https:\/\/homeiscool.mx\/blog\/wp-json\/wp\/v2\/tags?post=111"}],"curies":[{"name":"wp","href":"https:\/\/api.w.org\/{rel}","templated":true}]}}