{"id":116,"date":"2022-12-20T20:15:02","date_gmt":"2022-12-20T20:15:02","guid":{"rendered":"https:\/\/homeiscool.mx\/blog\/?p=116"},"modified":"2023-09-14T22:22:36","modified_gmt":"2023-09-14T22:22:36","slug":"ya-hablaste-con-tu-hijo-a-del-bullying","status":"publish","type":"post","link":"https:\/\/homeiscool.mx\/blog\/ya-hablaste-con-tu-hijo-a-del-bullying\/","title":{"rendered":"\u00bfYa hablaste con tu hijo\/a del bullying?"},"content":{"rendered":"<div class=\"boldgrid-section\">\n<div class=\"container\">\n<div class=\"row\">\n<div class=\"col-md-12 col-xs-12 col-sm-12\">\n<p><span style=\"font-weight: 400;\">El acoso escolar o bullying es un tipo de violencia que se ejerce de manera verbal, f\u00edsica o psicol\u00f3gica entre ni\u00f1os y adolescentes. Este fen\u00f3meno es muy com\u00fan en los entornos escolares de Latino Am\u00e9rica.&nbsp;<\/span><\/p>\n<p class=\"\"><span style=\"font-weight: 400;\">Seg\u00fan la Organizaci\u00f3n de la cooperaci\u00f3n y el Desarrollo Econ\u00f3mico (OCDE), M\u00e9xico ocupa el primer lugar de bullying escolar, el 50% de los estudiantes mexicanos afirman ser v\u00edctimas de acoso escolar.&nbsp;<\/span><\/p>\n<p class=\"\"><span style=\"font-weight: 400;\">El 50% de las infancias y adolescencias de M\u00e9xico presentar\u00e1 un impacto significativo de corto, mediano y largo plazo en sus vidas. Impactando su futuro.&nbsp;<\/span><\/p>\n<p><span style=\"font-weight: 400;\">Ser v\u00edctima de violencia y acoso escolar tiene graves consecuencias psicol\u00f3gicas y sociales como:&nbsp;<\/span><\/p>\n<ul class=\"\">\n<li style=\"font-weight: 400;\" aria-level=\"1\"><span style=\"font-weight: 400;\">S\u00edntomas depresivos&nbsp;<\/span><\/li>\n<li style=\"font-weight: 400;\" aria-level=\"1\"><span style=\"font-weight: 400;\">Problemas de ansiedad&nbsp;<\/span><\/li>\n<li style=\"font-weight: 400;\" aria-level=\"1\"><span style=\"font-weight: 400;\">Estr\u00e9s<\/span><\/li>\n<li style=\"font-weight: 400;\" aria-level=\"1\"><span style=\"font-weight: 400;\">Irritabilidad&nbsp;<\/span><\/li>\n<li style=\"font-weight: 400;\" aria-level=\"1\"><span style=\"font-weight: 400;\">Sentimiento de autodesprecio<\/span><\/li>\n<li style=\"font-weight: 400;\" aria-level=\"1\"><span style=\"font-weight: 400;\">Cambios en los patrones de alimentaci\u00f3n y sue\u00f1o&nbsp;<\/span><\/li>\n<\/ul>\n<p><span style=\"font-weight: 400;\">La escuela es uno de los lugares donde ni\u00f1os y adolescentes pasan m\u00e1s tiempo. Como padres es normal no poder seguirles la pista durante todo el d\u00eda, por lo que es dif\u00edcil saber cu\u00e1ndo est\u00e1n siendo acosados, c\u00f3mplices, acosadores o testigos.&nbsp;<\/span><\/p>\n<p><span style=\"font-weight: 400;\">\u00a1Toma acci\u00f3n contra el bullying!&nbsp;<\/span><\/p>\n<p><span style=\"font-weight: 400;\">Inicia por examinarte a ti o a tu pareja, los ni\u00f1os y ni\u00f1as imitan lo que ven en casa. Tus comportamientos, lo que consumes, tu relaci\u00f3n con el exterior. \u00bfC\u00f3mo te comportas delante de tu hijo\/a?&nbsp;<\/span><\/p>\n<p class=\"\"><span style=\"font-weight: 400;\">Mant\u00e9n una comunicaci\u00f3n constante respecto al tema, obs\u00e9rvalo\/a de cerca, f\u00edjate en su estado emocional \u00bfpractica con el mismo gozo sus actividades favoritas? Existen se\u00f1ales no verbales que pueden ayudarnos que puedes tener en cuenta:&nbsp;<\/span><\/p>\n<ul class=\"\">\n<li><span style=\"font-weight: 400;\">Miedo o ansiedad de ir al colegio<\/span><\/li>\n<li><span style=\"font-weight: 400;\">Marcas f\u00edsicas<\/span><\/li>\n<li class=\"\"><span style=\"font-weight: 400;\">Cambios bruscos emocionales&nbsp;<\/span><\/li>\n<li><span style=\"font-weight: 400;\">No duerme bien&nbsp;<\/span><\/li>\n<li class=\"\"><span style=\"font-weight: 400;\">Evitar situaciones sociales&nbsp;<\/span><\/li>\n<\/ul>\n<p class=\"\"><span style=\"font-weight: 400;\">Adem\u00e1s de ser un punto de apoyo, puedes involucrarte con su colegio para prevenir y visibilizar el acoso escolar.&nbsp;<\/span><\/p>\n<p class=\"\"><span style=\"font-weight: 400;\">Tu hijo\/a tiene derecho a un ambiente seguro y a vivir tranquilo.<\/span><\/p>\n<\/div>\n<\/div>\n<\/div>\n<\/div>\n","protected":false},"excerpt":{"rendered":"<p>El acoso escolar o bullying es un tipo de violencia que se ejerce de manera verbal, f\u00edsica o psicol\u00f3gica entre ni\u00f1os y adolescentes. Este fen\u00f3meno es muy com\u00fan en los entornos escolares de Latino Am\u00e9rica.&nbsp; Seg\u00fan la Organizaci\u00f3n de la cooperaci\u00f3n y el Desarrollo Econ\u00f3mico (OCDE), M\u00e9xico ocupa el primer lugar de bullying escolar, el [&hellip;]<\/p>\n","protected":false},"author":3,"featured_media":152,"comment_status":"open","ping_status":"open","sticky":false,"template":"","format":"standard","meta":{"footnotes":""},"categories":[7,13],"tags":[],"class_list":["post-116","post","type-post","status-publish","format-standard","has-post-thumbnail","hentry","category-educacion-en-casa","category-escuela"],"aioseo_notices":[],"_links":{"self":[{"href":"https:\/\/homeiscool.mx\/blog\/wp-json\/wp\/v2\/posts\/116","targetHints":{"allow":["GET"]}}],"collection":[{"href":"https:\/\/homeiscool.mx\/blog\/wp-json\/wp\/v2\/posts"}],"about":[{"href":"https:\/\/homeiscool.mx\/blog\/wp-json\/wp\/v2\/types\/post"}],"author":[{"embeddable":true,"href":"https:\/\/homeiscool.mx\/blog\/wp-json\/wp\/v2\/users\/3"}],"replies":[{"embeddable":true,"href":"https:\/\/homeiscool.mx\/blog\/wp-json\/wp\/v2\/comments?post=116"}],"version-history":[{"count":2,"href":"https:\/\/homeiscool.mx\/blog\/wp-json\/wp\/v2\/posts\/116\/revisions"}],"predecessor-version":[{"id":153,"href":"https:\/\/homeiscool.mx\/blog\/wp-json\/wp\/v2\/posts\/116\/revisions\/153"}],"wp:featuredmedia":[{"embeddable":true,"href":"https:\/\/homeiscool.mx\/blog\/wp-json\/wp\/v2\/media\/152"}],"wp:attachment":[{"href":"https:\/\/homeiscool.mx\/blog\/wp-json\/wp\/v2\/media?parent=116"}],"wp:term":[{"taxonomy":"category","embeddable":true,"href":"https:\/\/homeiscool.mx\/blog\/wp-json\/wp\/v2\/categories?post=116"},{"taxonomy":"post_tag","embeddable":true,"href":"https:\/\/homeiscool.mx\/blog\/wp-json\/wp\/v2\/tags?post=116"}],"curies":[{"name":"wp","href":"https:\/\/api.w.org\/{rel}","templated":true}]}}